[{"@context":"https:\/\/schema.org\/","@type":"Article","@id":"https:\/\/www.tess.sk\/prakticke-tasky\/#Article","mainEntityOfPage":"https:\/\/www.tess.sk\/prakticke-tasky\/","headline":"Praktick\u00e9 ta\u0161ky","name":"Praktick\u00e9 ta\u0161ky","description":"Ma\u0165 \u0161ikovn\u00fa ta\u0161ku v\u017edy po ruke a e\u0161te k tomu z recyklovate\u013en\u00e9ho materi\u00e1lu, je dne\u0161nej dobe nielen modern\u00e9 ale aj ve\u013emi praktick\u00e9. Promodar\u010deky.sk maj\u00fa pre v\u00e1s skvel\u00fa ponuku r\u00f4znych ta\u0161iek v praktick\u00fdch rozmeroch z recyklovate\u013en\u00fdch materi\u00e1lov ktor\u00e9 m\u00f4\u017eete vyu\u017ei\u0165 na ka\u017edodenn\u00fd n\u00e1kup. Tieto praktick\u00e9 ta\u0161ky si m\u00f4\u017eete na promo dar\u010deky.sk zak\u00fapi\u0165 v r\u00f4znych farebn\u00fdch vari\u00e1ci\u00e1ch....","datePublished":"2023-10-13","dateModified":"2023-10-13","author":{"@type":"Person","@id":"https:\/\/www.tess.sk\/author\/devene\/#Person","name":"devene","url":"https:\/\/www.tess.sk\/author\/devene\/","identifier":1,"image":{"@type":"ImageObject","@id":"https:\/\/secure.gravatar.com\/avatar\/046c8368865b87ac6ea06cde0e0a80b91304a43fe31de210702ad59bbd9a1974?s=96&d=mm&r=g","url":"https:\/\/secure.gravatar.com\/avatar\/046c8368865b87ac6ea06cde0e0a80b91304a43fe31de210702ad59bbd9a1974?s=96&d=mm&r=g","height":96,"width":96}},"publisher":{"@type":"Organization","name":"tess.sk","logo":{"@type":"ImageObject","@id":"\/logo.png","url":"\/logo.png","width":600,"height":60}},"image":{"@type":"ImageObject","@id":"https:\/\/www.tess.sk\/wp-content\/uploads\/pexels-dylan-spangler-12630542.jpg","url":"https:\/\/www.tess.sk\/wp-content\/uploads\/pexels-dylan-spangler-12630542.jpg","height":0,"width":0},"url":"https:\/\/www.tess.sk\/prakticke-tasky\/","about":["Business"],"wordCount":449,"articleBody":"   Ma\u0165 \u0161ikovn\u00fa ta\u0161ku v\u017edy po ruke a e\u0161te k tomu z recyklovate\u013en\u00e9ho materi\u00e1lu, je dne\u0161nej dobe nielen modern\u00e9 ale aj ve\u013emi praktick\u00e9. Promodar\u010deky.sk maj\u00fa pre v\u00e1s skvel\u00fa ponuku r\u00f4znych ta\u0161iek v praktick\u00fdch rozmeroch z recyklovate\u013en\u00fdch materi\u00e1lov ktor\u00e9 m\u00f4\u017eete vyu\u017ei\u0165 na ka\u017edodenn\u00fd n\u00e1kup. Tieto praktick\u00e9 ta\u0161ky si m\u00f4\u017eete na promo dar\u010deky.sk zak\u00fapi\u0165 v r\u00f4znych farebn\u00fdch vari\u00e1ci\u00e1ch. Slovom,,praktick\u00e1,, vynik\u00e1 t\u00e1to ta\u0161ka svojimi rozmermi ale aj svoj\u00edm preveden\u00edm. V t\u00fdchto n\u00e1kupn\u00fdch ta\u0161k\u00e1ch m\u00e1te v\u0161it\u00e9 pr\u00eddavn\u00e9 vreck\u00e1, do ktor\u00fdch si m\u00f4\u017eete ulo\u017ei\u0165 svoj mobil alebo pe\u0148a\u017eenku a k\u013e\u00fa\u010de. Na promodar\u010deky.sk n\u00e1jdete ta\u0161ky, ktor\u00e9 s\u00fa vyr\u00e1ban\u00e9 z recyklovanej bavlny ale taktie\u017e aj zo stopercentnej bavlny. Ich farebn\u00e1 \u0161k\u00e1la sa hod\u00ed ku viacer\u00fdm typom v\u00e1\u0161ho outfitu. Farby ta\u0161iek s\u00fa odoln\u00e9 a st\u00e1le. Tieto ta\u0161ky m\u00e1me teraz pre v\u00e1s v ponuke s mo\u017enos\u0165ou potla\u010denia pod\u013ea vlastn\u00e9ho mot\u00edvu alebo vlastn\u00e9ho loga, \u010d\u00edm dosiahnete vytvorenie si vlastnej firemnej reklamy. Bl\u00ed\u017eia sa najkraj\u0161ie sviatky v roku a teda Vianoce a vy m\u00e1te skvel\u00fa pr\u00edle\u017eitos\u0165 odmeni\u0165 svojich zamestnancov tak\u00fdmito praktick\u00fdmi, recyklovate\u013en\u00fdmi ta\u0161kami. Zverte svoje po\u017eiadavky a n\u00e1pady do r\u00fak n\u00e1m, odborn\u00edkom a my v\u00e1m ve\u013emi radi porad\u00edme s vytvoren\u00edm v\u00e1\u0161ho loga na tieto ta\u0161ky. Samozrejme va\u0161a spokojnos\u0165 a teda spokojnos\u0165 na\u0161ich klientov je pre n\u00e1s prvorad\u00e1 a ve\u013emi radi s vami budeme spolupracova\u0165 na navrhnut\u00ed v\u00e1\u0161ho firemn\u00e9ho loga a teda va\u0161ej reklamy. Objednajte si s\u00e9riu recyklovate\u013en\u00fdch, platen\u00fdch ta\u0161iek s potla\u010dou s va\u0161\u00edm logom v \u0161irokej \u0161k\u00e1le kr\u00e1snych a \u017eiv\u00fdch farieb e\u0161te dnes a te\u0161te sa na kvalitn\u00fd materi\u00e1l a praktick\u00e9 ta\u0161ky. Va\u0161i zamestnanci, ktor\u00fdch nimi odmenite sa ur\u010dite pote\u0161ia. Ta\u0161ky s\u00fa nesmierne praktick\u00e9, poskladan\u00e9 sa zmestia do ka\u017edej kabelky \u010di vrecka. Na\u0161e ta\u0161ky z recyklovate\u013en\u00fdch materi\u00e1lov si viete zak\u00fapi\u0165 v r\u00f4znych ve\u013ekostiach. Napr\u00edklad pri ta\u0161ke CAMDEN sa m\u00f4\u017eete te\u0161i\u0165 jej pohodln\u00e9mu zaveseniu si na ramen\u00e1 s pomocou 60 cm dlh\u00fdch r\u00fa\u010dok. Celkov\u00e9 rozmery tejto ta\u0161ky &#8211; 500x370x120 mm zabezpe\u010dia dostatok priestoru pre v\u0161etky osobn\u00e9 veci ale rovnako tak aj na be\u017en\u00fd n\u00e1kup.                                                                                                                                                                                                                                                                                                                                                                                          4\/5 - (2 votes)        "},{"@context":"https:\/\/schema.org\/","@type":"BreadcrumbList","itemListElement":[{"@type":"ListItem","position":1,"name":"Praktick\u00e9 ta\u0161ky","item":"https:\/\/www.tess.sk\/prakticke-tasky\/#breadcrumbitem"}]}]